{"id":67,"date":"2016-10-17T16:39:32","date_gmt":"2016-10-17T16:39:32","guid":{"rendered":"http:\/\/www.biserica-muenster.de\/?p=67"},"modified":"2016-10-27T23:00:12","modified_gmt":"2016-10-27T23:00:12","slug":"67","status":"publish","type":"post","link":"https:\/\/www.biserica-muenster.de\/de\/67\/","title":{"rendered":"Hramul parohiei Sf\u00e2ntul Dimitrie cel Nou, Dortmund"},"content":{"rendered":"<p><!--more--><\/p>\n<p>In data de 30 octombrie suntem invita\u021bi de p\u0103rintele Ispas Ruja la hramul parohiei Sf\u00e2ntul Dimitrie cel Nou, Dortmund.<\/p>\n<p>Slujba va avea loc \u00een biserica Sf\u00e2nta Barbara, Arminiusstrasse 12, 44149, Dortmund, de la ora 11.<\/p>\n<p>La aceast\u0103 s\u0103rb\u0103toare va participa \u0219i Inaltpreasfin\u021bitul P\u0103rinte Mitropolit Serafim.<\/p>","protected":false},"excerpt":{"rendered":"","protected":false},"author":1,"featured_media":0,"comment_status":"open","ping_status":"open","sticky":false,"template":"","format":"standard","meta":{"nf_dc_page":"","om_disable_all_campaigns":false,"two_page_speed":[],"_jetpack_memberships_contains_paid_content":false,"footnotes":""},"categories":[1],"tags":[],"class_list":["post-67","post","type-post","status-publish","format-standard","hentry","category-uncategorized","entry","has-more-link"],"jetpack_featured_media_url":"","jetpack_sharing_enabled":true,"_links":{"self":[{"href":"https:\/\/www.biserica-muenster.de\/de\/wp-json\/wp\/v2\/posts\/67","targetHints":{"allow":["GET"]}}],"collection":[{"href":"https:\/\/www.biserica-muenster.de\/de\/wp-json\/wp\/v2\/posts"}],"about":[{"href":"https:\/\/www.biserica-muenster.de\/de\/wp-json\/wp\/v2\/types\/post"}],"author":[{"embeddable":true,"href":"https:\/\/www.biserica-muenster.de\/de\/wp-json\/wp\/v2\/users\/1"}],"replies":[{"embeddable":true,"href":"https:\/\/www.biserica-muenster.de\/de\/wp-json\/wp\/v2\/comments?post=67"}],"version-history":[{"count":3,"href":"https:\/\/www.biserica-muenster.de\/de\/wp-json\/wp\/v2\/posts\/67\/revisions"}],"predecessor-version":[{"id":91,"href":"https:\/\/www.biserica-muenster.de\/de\/wp-json\/wp\/v2\/posts\/67\/revisions\/91"}],"wp:attachment":[{"href":"https:\/\/www.biserica-muenster.de\/de\/wp-json\/wp\/v2\/media?parent=67"}],"wp:term":[{"taxonomy":"category","embeddable":true,"href":"https:\/\/www.biserica-muenster.de\/de\/wp-json\/wp\/v2\/categories?post=67"},{"taxonomy":"post_tag","embeddable":true,"href":"https:\/\/www.biserica-muenster.de\/de\/wp-json\/wp\/v2\/tags?post=67"}],"curies":[{"name":"wp","href":"https:\/\/api.w.org\/{rel}","templated":true}]}}