{"id":55,"date":"2016-10-17T16:35:18","date_gmt":"2016-10-17T16:35:18","guid":{"rendered":"http:\/\/www.biserica-muenster.de\/?p=55"},"modified":"2016-11-01T23:23:21","modified_gmt":"2016-11-01T23:23:21","slug":"hirotonie-intru-preot-in-parohia-munster","status":"publish","type":"post","link":"https:\/\/www.biserica-muenster.de\/de\/hirotonie-intru-preot-in-parohia-munster\/","title":{"rendered":"Hirotonie intru preot in Parohia Munster"},"content":{"rendered":"<p><!--more--><\/p>\n<p><em>Duminic\u0103, 25 septembrie 2016, rom\u00e2nii din M\u00fcnster \u015fi \u00eemprejurimi au avut bucuria de a-l avea \u00een mijlocul lor pe \u00cePS P\u0103rinte Mitropolit Serafim, care a s\u0103v\u00e2r\u015fit Sf. Liturghie arhiereasca \u00eenconjurat de un numeros sobor de preo\u0163i \u015fi diaconi. Cu acest prilej, \u00cePS P\u0103rinte Serafim a hirotonit \u00eentru preot pe diaconul Daniel-Dimitrie Ursache pe seama nou-\u00eenfiin\u021batei parohii cu hramurile \u201eSf. Ier. Spiridon\u201d \u015fi \u201eSf. Mc. Petronela\u201d.<\/em><\/p>\n<div id='gallery-1' class='gallery galleryid-55 gallery-columns-3 gallery-size-medium'><figure class='gallery-item'>\n\t\t\t<div class='gallery-icon landscape'>\n\t\t\t\t<a href='https:\/\/www.biserica-muenster.de\/de\/hirotonie-intru-preot-in-parohia-munster\/a\/'><img loading=\"lazy\" decoding=\"async\" width=\"300\" height=\"200\" src=\"https:\/\/www.biserica-muenster.de\/wp-content\/uploads\/2016\/10\/a-300x200.jpg\" class=\"attachment-medium size-medium\" alt=\"\" srcset=\"https:\/\/www.biserica-muenster.de\/wp-content\/uploads\/2016\/10\/a-300x200.jpg 300w, https:\/\/www.biserica-muenster.de\/wp-content\/uploads\/2016\/10\/a-768x511.jpg 768w, https:\/\/www.biserica-muenster.de\/wp-content\/uploads\/2016\/10\/a-1024x682.jpg 1024w\" sizes=\"auto, (max-width: 300px) 100vw, 300px\" \/><\/a>\n\t\t\t<\/div><\/figure><figure class='gallery-item'>\n\t\t\t<div class='gallery-icon landscape'>\n\t\t\t\t<a href='https:\/\/www.biserica-muenster.de\/de\/hirotonie-intru-preot-in-parohia-munster\/attachment\/1\/'><img loading=\"lazy\" decoding=\"async\" width=\"300\" height=\"200\" src=\"https:\/\/www.biserica-muenster.de\/wp-content\/uploads\/2016\/10\/1-300x200.jpg\" class=\"attachment-medium size-medium\" alt=\"\" srcset=\"https:\/\/www.biserica-muenster.de\/wp-content\/uploads\/2016\/10\/1-300x200.jpg 300w, https:\/\/www.biserica-muenster.de\/wp-content\/uploads\/2016\/10\/1.jpg 720w\" sizes=\"auto, (max-width: 300px) 100vw, 300px\" \/><\/a>\n\t\t\t<\/div><\/figure><figure class='gallery-item'>\n\t\t\t<div class='gallery-icon landscape'>\n\t\t\t\t<a href='https:\/\/www.biserica-muenster.de\/de\/hirotonie-intru-preot-in-parohia-munster\/attachment\/2\/'><img loading=\"lazy\" decoding=\"async\" width=\"300\" height=\"200\" src=\"https:\/\/www.biserica-muenster.de\/wp-content\/uploads\/2016\/10\/2-300x200.jpg\" class=\"attachment-medium size-medium\" alt=\"\" srcset=\"https:\/\/www.biserica-muenster.de\/wp-content\/uploads\/2016\/10\/2-300x200.jpg 300w, https:\/\/www.biserica-muenster.de\/wp-content\/uploads\/2016\/10\/2-768x512.jpg 768w, https:\/\/www.biserica-muenster.de\/wp-content\/uploads\/2016\/10\/2.jpg 800w\" sizes=\"auto, (max-width: 300px) 100vw, 300px\" \/><\/a>\n\t\t\t<\/div><\/figure><figure class='gallery-item'>\n\t\t\t<div class='gallery-icon portrait'>\n\t\t\t\t<a href='https:\/\/www.biserica-muenster.de\/de\/hirotonie-intru-preot-in-parohia-munster\/attachment\/3\/'><img loading=\"lazy\" decoding=\"async\" width=\"200\" height=\"300\" src=\"https:\/\/www.biserica-muenster.de\/wp-content\/uploads\/2016\/10\/3-200x300.jpg\" class=\"attachment-medium size-medium\" alt=\"\" srcset=\"https:\/\/www.biserica-muenster.de\/wp-content\/uploads\/2016\/10\/3-200x300.jpg 200w, https:\/\/www.biserica-muenster.de\/wp-content\/uploads\/2016\/10\/3.jpg 479w\" sizes=\"auto, (max-width: 200px) 100vw, 200px\" \/><\/a>\n\t\t\t<\/div><\/figure><figure class='gallery-item'>\n\t\t\t<div class='gallery-icon landscape'>\n\t\t\t\t<a href='https:\/\/www.biserica-muenster.de\/de\/hirotonie-intru-preot-in-parohia-munster\/4-2\/'><img loading=\"lazy\" decoding=\"async\" width=\"300\" height=\"200\" src=\"https:\/\/www.biserica-muenster.de\/wp-content\/uploads\/2016\/10\/4-1-300x200.jpg\" class=\"attachment-medium size-medium\" alt=\"\" srcset=\"https:\/\/www.biserica-muenster.de\/wp-content\/uploads\/2016\/10\/4-1-300x200.jpg 300w, https:\/\/www.biserica-muenster.de\/wp-content\/uploads\/2016\/10\/4-1.jpg 720w\" sizes=\"auto, (max-width: 300px) 100vw, 300px\" \/><\/a>\n\t\t\t<\/div><\/figure>\n\t\t<\/div>\n\n<p>La aceast\u0103 slujb\u0103 s\u0103rb\u0103toreasc\u0103 au participat Preacucernicii Preo\u0163i: Protopop Drd. Iosif R\u0103dulescu (D\u00fcsseldorf), Dr. Ispas Ruja (Dortmund), Cosmin Stan (M\u00f6nchengladbach), precum \u015fi PC P\u0103rin\u0163i: Gheorghe Ursache (Go\u0219mani &#8211; Neam\u021b), tat\u0103l noului preot hirotonit al\u0103turi de Constantin (New York) \u015fi Gheorghe Ursache (Chicago) &#8211; fra\u0163ii p\u0103rintelui.<\/p>\n<p>La predic\u0103 Mitropolitul Serafim a vorbit credincio\u015filor prezen\u0163i \u00een num\u0103r mare la Sf. Liturghie despre necesitarea \u00eenfiin\u0163\u0103rii noii parohii, dat fiind cre\u015fterea num\u0103rului de rom\u00e2ni stabili\u0163i \u00een acest ora\u015f \u015fi \u00eemprejurimi. A t\u00e2lcuit apoi pericopa evanghelic\u0103 despre pescuirea minunat\u0103 de pe lacul Ghenizaret, subliniind faptul c\u0103 ascultarea de cuvintele Domnului duce la fapte minunate. \u00cen aceea\u015fi m\u0103sur\u0103, virtutea ascult\u0103rii de p\u0103rin\u0163i \u015fi de mai marii no\u015ftri, duce la cre\u015fterea \u00een via\u0163a duhovniceasc\u0103 \u015fi la \u00eenmul\u0163irea binecuv\u00e2nt\u0103rilor primire de la Dumnezeu.<\/p>\n<p>La finalul slujbei, P\u0103rintele Dimitrie Ursache a fost instalat ca paroh al comunit\u0103\u0163ii ortodoc\u015filor rom\u00e2nilor din M\u00fcnster, \u00eenm\u00e2n\u00e2ndu-i-se Sf. Evanghelie, Sf. Cruce \u015fi cheile bisericii. Ierarhul l-a \u00eendemnat pe noul p\u0103stor de suflete s\u0103 propov\u0103duiasc\u0103 \u00eenv\u0103\u021b\u0103tura Bisericii lui Hristos \u00eendemn\u00e2nd pe credincio\u0219i la rug\u0103ciune, \u00eemp\u0103rt\u0103\u0219irea cu Sfintele Taine \u0219i practicarea virtu\u021bii milosteniei. Totodat\u0103 a mul\u0163umit P\u0103rintelui Dr. Ispas Ruja din Dortmund\u00a0 care a \u00eenceput activitatea misionar\u0103 \u00een M\u00fcnster \u015fi a p\u0103storit credincio\u015fii din aceast\u0103 regiune. La sf\u00e2r\u0219it a fost organizat\u0103 o colect\u0103 pentru sprijinirea copiilor din programul \u201eBurse pentru copii s\u0103raci din Moldova\u201d.<\/p>\n<p>S\u0103rb\u0103toarea de la M\u00fcnster s-a \u00eencheiat cu o agap\u0103 la care au participat credincio\u015fii parohiei \u015fi al\u0163i invita\u0163i.<\/p>\n<p>Ora\u015ful M\u00fcnster este un important centru universitar cu peste 55 de mii de studen\u0163i, aflat \u00een partea de nord al Landului Renania de Nord-Westfalia, av\u00e2nd o popula\u0163ie de peste 310 mii de locuitori.<\/p>\n<p>Arhid. Chiril Socaciu<\/p>","protected":false},"excerpt":{"rendered":"","protected":false},"author":1,"featured_media":0,"comment_status":"open","ping_status":"open","sticky":false,"template":"","format":"standard","meta":{"nf_dc_page":"","om_disable_all_campaigns":false,"two_page_speed":[],"_jetpack_memberships_contains_paid_content":false,"footnotes":""},"categories":[1],"tags":[],"class_list":["post-55","post","type-post","status-publish","format-standard","hentry","category-uncategorized","entry","has-more-link"],"jetpack_featured_media_url":"","jetpack_sharing_enabled":true,"_links":{"self":[{"href":"https:\/\/www.biserica-muenster.de\/de\/wp-json\/wp\/v2\/posts\/55","targetHints":{"allow":["GET"]}}],"collection":[{"href":"https:\/\/www.biserica-muenster.de\/de\/wp-json\/wp\/v2\/posts"}],"about":[{"href":"https:\/\/www.biserica-muenster.de\/de\/wp-json\/wp\/v2\/types\/post"}],"author":[{"embeddable":true,"href":"https:\/\/www.biserica-muenster.de\/de\/wp-json\/wp\/v2\/users\/1"}],"replies":[{"embeddable":true,"href":"https:\/\/www.biserica-muenster.de\/de\/wp-json\/wp\/v2\/comments?post=55"}],"version-history":[{"count":6,"href":"https:\/\/www.biserica-muenster.de\/de\/wp-json\/wp\/v2\/posts\/55\/revisions"}],"predecessor-version":[{"id":101,"href":"https:\/\/www.biserica-muenster.de\/de\/wp-json\/wp\/v2\/posts\/55\/revisions\/101"}],"wp:attachment":[{"href":"https:\/\/www.biserica-muenster.de\/de\/wp-json\/wp\/v2\/media?parent=55"}],"wp:term":[{"taxonomy":"category","embeddable":true,"href":"https:\/\/www.biserica-muenster.de\/de\/wp-json\/wp\/v2\/categories?post=55"},{"taxonomy":"post_tag","embeddable":true,"href":"https:\/\/www.biserica-muenster.de\/de\/wp-json\/wp\/v2\/tags?post=55"}],"curies":[{"name":"wp","href":"https:\/\/api.w.org\/{rel}","templated":true}]}}